{"id":3922,"date":"2017-05-17T00:41:53","date_gmt":"2017-05-17T00:41:53","guid":{"rendered":"https:\/\/gadoholandes.com\/jornal\/?p=3922"},"modified":"2017-05-18T12:51:30","modified_gmt":"2017-05-18T12:51:30","slug":"itanhandu-se-reinventa-sem-perder-a-tradicao","status":"publish","type":"post","link":"https:\/\/gadoholandes.com\/jornal\/agenda\/itanhandu-se-reinventa-sem-perder-a-tradicao\/2017\/05\/","title":{"rendered":"ITANHANDU SE REINVENTA SEM PERDER A TRADI\u00c7\u00c3O"},"content":{"rendered":"<p><em>Qualidade dos animais apresentados confirma o evento como refer\u00eancia para o gado jovem no mercado nacional<\/em><\/p>\n<p><!--more--><\/p>\n<p>Fotos Wagner Correa<\/p>\n<p><img loading=\"lazy\" decoding=\"async\" class=\"alignnone size-full wp-image-3923\" src=\"https:\/\/gadoholandes.com\/jornal\/wp-content\/uploads\/2017\/05\/2017_5_102.jpg\" alt=\"2017_5_102\" width=\"1000\" height=\"646\" srcset=\"https:\/\/gadoholandes.com\/jornal\/wp-content\/uploads\/2017\/05\/2017_5_102.jpg 1000w, https:\/\/gadoholandes.com\/jornal\/wp-content\/uploads\/2017\/05\/2017_5_102-300x194.jpg 300w, https:\/\/gadoholandes.com\/jornal\/wp-content\/uploads\/2017\/05\/2017_5_102-768x496.jpg 768w\" sizes=\"auto, (max-width: 1000px) 100vw, 1000px\" \/><\/p>\n<p>A tradicional exposi\u00e7\u00e3o de gado jovem, que acontece anualmente em Itanhandu, sul de Minas, trouxe este ano v\u00e1rias atra\u00e7\u00f5es que contribu\u00edram para seu sucesso. A 10\u00aa Expojovem foi realizada no per\u00edodo de 6 a 8 de abril, no Parque de Exposi\u00e7\u00f5es Jo\u00e3o Silva Costa, em Itanhandu \u2013 MG.<br \/>\nO evento movimentou o neg\u00f3cio do leite com uma ampla programa\u00e7\u00e3o, palestras, julgamentos, leil\u00e3o e feira de animais.<br \/>\nA Associa\u00e7\u00e3o dos Criadores de Gado Holand\u00eas de Minas Gerais \u2013 ACGHMG apoiou o evento com a presen\u00e7a de seus profissionais o Diretor Executivo, Dr. Silvano Carvalho J\u00fanior; o Inspetor T\u00e9cnico de Registro, Dr. Phillippe Domingos Monteiro e o Auxiliar Operacional do Registro Geneal\u00f3gico, Rodolfo Tostes Lemos. A equipe prestigiou os associados e criadores da regi\u00e3o dando seu apoio t\u00e9cnico e operacional.<br \/>\nA exposi\u00e7\u00e3o atraiu criadores de gado jovem que demonstraram seu compromisso com o crescimento da ra\u00e7a, ignorando o temor da crise, mas respeitando o momento em que o mercado se encontra. Segundo o criador Ant\u00f4nio Carlos Marins, \u201cTonh\u00e3o\u201d de Tr\u00eas Cora\u00e7\u00f5es, \u201csempre venho pelo gosto de participar\u201d e ressalta que o ano come\u00e7ou muito bem apesar de toda a instabilidade.<br \/>\nPara o Vice-Presidente da Girolando, Odilon Resende \u201co cen\u00e1rio hoje \u00e9 o melhor poss\u00edvel, iniciamos o ano muito melhor que o ano passado, perspectivas melhores para o pre\u00e7o do leite com os custos dos insumos, principalmente os da alimenta\u00e7\u00e3o, com pre\u00e7os mais baixos. Estamos com v\u00e1rios projetos grandes sendo criados e executados pelo Brasil com cen\u00e1rio extremamente positivo para o leite\u201d. Odilon ainda ressalta a import\u00e2ncia do papel das exposi\u00e7\u00f5es, \u201c\u00e9 na exposi\u00e7\u00e3o que podemos constatar o n\u00edvel de desempenho em nossa fazenda e ir al\u00e9m, com o aspecto social da confraterniza\u00e7\u00e3o e intera\u00e7\u00e3o entre os presentes; destaco tamb\u00e9m o ciclo de palestras promovido durante o evento\u201d, comenta.<\/p>\n<p><img loading=\"lazy\" decoding=\"async\" class=\"alignnone size-full wp-image-3927\" src=\"https:\/\/gadoholandes.com\/jornal\/wp-content\/uploads\/2017\/05\/2017_5_100.jpg\" alt=\"2017_5_100\" width=\"1000\" height=\"667\" srcset=\"https:\/\/gadoholandes.com\/jornal\/wp-content\/uploads\/2017\/05\/2017_5_100.jpg 1000w, https:\/\/gadoholandes.com\/jornal\/wp-content\/uploads\/2017\/05\/2017_5_100-300x200.jpg 300w, https:\/\/gadoholandes.com\/jornal\/wp-content\/uploads\/2017\/05\/2017_5_100-768x512.jpg 768w\" sizes=\"auto, (max-width: 1000px) 100vw, 1000px\" \/><\/p>\n<p><strong>O DIA DO LEITE<\/strong><\/p>\n<p>Durante a exposi\u00e7\u00e3o aconteceu tamb\u00e9m o Dia do Leite, com palestras que reuniram mais de 90 pessoas entre criadores da regi\u00e3o, estudantes e profissionais de empresas, todos envolvidos com a cadeia produtiva do leite. Al\u00e9m de levar conhecimento com foco mais pr\u00e1tico, o evento promoveu a movimenta\u00e7\u00e3o de um n\u00famero maior de neg\u00f3cios nos estandes comentou Bruno Scarpa, da Fazenda Pousada do Sol, localizada na regi\u00e3o e um dos organizadores do evento.<br \/>\nSegundo a M\u00e9dica Veterin\u00e1ria com mestrado na \u00e1rea de Produ\u00e7\u00e3o Animal pela UFMG e palestrante Dr. Helena Nogueira Frota de Aquino, \u201co ambiente de exposi\u00e7\u00e3o estimula a troca de experi\u00eancia e informa\u00e7\u00e3o e ficou muito mais atrativo com o ciclo de palestras aproximando o ambiente acad\u00eamico com o dia a dia, na lida com os animais.\u201d<\/p>\n<p>&nbsp;<\/p>\n<p><strong>EXPERI\u00caNCIA ACAD\u00caMICA<\/strong><\/p>\n<p>Os alunos da Escola T\u00e9cnica Funda\u00e7\u00e3o Roge puderam presenciar e observar bem de pertinho um ambiente com profissionais do mais alto gabarito. A Funda\u00e7\u00e3o Roge encabe\u00e7ou um projeto inovador com a cria\u00e7\u00e3o da Escola do Leite, que passa ser a primeira escola com foco na forma\u00e7\u00e3o de t\u00e9cnicos especializados na bovinocultura leiteira, segundo a psic\u00f3loga e diretora da escola, Carmem Lucia Alves.<br \/>\nA escola \u00e9 parceira da Cl\u00ednica do Leite, que tamb\u00e9m participou do ciclo de palestras, o que lhe permitiu inserir em matriz curricular a disciplina de Gest\u00e3o de Propriedades Leiteiras dentro de um curso em hor\u00e1rio integral.<br \/>\nA presen\u00e7a dos alunos na exposi\u00e7\u00e3o mostra como o evento gera in\u00fameras oportunidades. \u201cO aluno, aqui na exposi\u00e7\u00e3o est\u00e1 em contato com o que h\u00e1 de mais atualizado no neg\u00f3cio leiteiro desde gest\u00e3o, passando por cria e recria at\u00e9 reprodu\u00e7\u00e3o e sa\u00fade animal\u201d, disse a diretora.<\/p>\n<p>&nbsp;<\/p>\n<p><strong>JOVENS EM PISTA<\/strong><\/p>\n<p>O julgamento do gado jovem comprovou a qualidade dos animais e principalmente o comprometimento dos criadores com a evolu\u00e7\u00e3o e crescimento da ra\u00e7a.<br \/>\nCriadores da ra\u00e7a Holandesa de Minas Gerais, S\u00e3o Paulo e Esp\u00edrito Santo n\u00e3o mediram esfor\u00e7os para mostrar em pista os investimentos nas futuras gera\u00e7\u00f5es. Participaram da exposi\u00e7\u00e3o os seguintes associados: Almir Pinto Reis e Outros, Itanhandu \u2013 MG; Ant\u00f4nio Augusto Marins e Irm\u00e3os, Tr\u00eas Cora\u00e7\u00f5es \u2013 MG; Jarbas de Oliveira Junior Virginia &#8211; MG; Leonardo Jamel Saliba de Souza, Paraopeba &#8211; MG; Marcio Maciel Leite, Cruzilia &#8211; MG; Marcos Almeida Junqueira Reis, Leopoldina &#8211; MG; Marcos Corteletti e Outros, Santa Teresa &#8211; ES; Marcos Fernandes Queiroz Cachoeira, Paulista &#8211; SP; Mauro Ant\u00f4nio Costa de Araujo, Sete Lagoas &#8211; MG; Ricardo e Thiago Cipriano Pinto, Tr\u00eas Pontas &#8211; MG e Rui da Silva Pinto Junior e Outros, Itanhandu \u2013 MG.<br \/>\nO jurado oficial Markus Hehli, criador e propriet\u00e1rio da Mosnang Holsteins, em Rimbley Alberta \u2013 Canad\u00e1, teve um dif\u00edcil trabalho. Ele comentou que o n\u00edvel elevado dos animais apresentados tornou o julgamento extremamente disputado e ressaltou que uma exposi\u00e7\u00e3o com tanta qualidade em pista valoriza todos os participantes.<br \/>\nO destaque da exposi\u00e7\u00e3o foi para o criador Mauro Ant\u00f4nio Costa de Ara\u00fajo, Meara, Fazenda Barreiro Alto, que conquistou os principais pr\u00eamios da 10\u00aa Expojovem. Ele fez a Campe\u00e3 F\u00eamea Jovem com o animal MEARA OCTANE 5951, a Reservada com o animal MEARA BLACK FLOWER DOORMAN 1877-F e a Terceira Melhor com o animal MEARA KARINA DOORMAN 1950-FIV, al\u00e9m de conquistar os t\u00edtulos de Melhor Criador, Expositor e Afixo. Vale ressaltar o Segundo Melhor Criador, Expositor e Afixo foi para o expositor Rui da Silva Pinto Junior e Outros.<br \/>\nPara o expositor Mauro Ara\u00fajo, todos os animais que participam de exposi\u00e7\u00f5es s\u00e3o o que h\u00e1 de melhor, independente da sua coloca\u00e7\u00e3o em pista naquele momento. \u201cParticipar e ter seus animais reconhecidos entre os melhores dessa exposi\u00e7\u00e3o \u00e9 muito importante, por\u00e9m com o n\u00edvel t\u00e3o alto que se apresenta nas exposi\u00e7\u00f5es, hoje todos os animais em pista s\u00e3o poss\u00edveis campe\u00f5es e todos saem muito mais valorizados\u201d, ressalta Mauro Ara\u00fajo.<br \/>\nO evento foi uma realiza\u00e7\u00e3o do Sindicato Rural da regi\u00e3o, do N\u00facleo de Criadores de Gado Holand\u00eas da Mantiqueira &#8211; Nughoman, com o apoio da ACGHMG e parceiros comerciais que reconhecem a import\u00e2ncia do evento para o mercado l\u00e1cteo da regi\u00e3o.<br \/>\nA Associa\u00e7\u00e3o Mineira agradece a todos que contribu\u00edram de alguma forma com a realiza\u00e7\u00e3o dessa importante exposi\u00e7\u00e3o.<\/p>\n<p><em>A equipe do Jornal Holand\u00eas viajou com o apoio da ACGHMG, da Fazenda Barreiro Alto &#8211; Meara Gado Holand\u00eas, da Poitara Gen\u00e9tica e do Nughoman.<\/em><\/p>\n<p>&nbsp;<\/p>\n<p><strong>EXPOSITORES QUE PARTICIPARAM DA EXPOJOVEM 2017<\/strong><\/p>\n<p>Almir Pinto Reis e Outros | \u00a0Itanhandu \u2013 MG<br \/>\nAnt\u00f4nio Augusto Marins e Irm\u00e3os | Tr\u00eas Cora\u00e7\u00f5es \u2013 MG<br \/>\nJarbas de Oliveira Junior | \u00a0Virginia &#8211; MG<br \/>\nLeonardo Jamel Saliba de Souza | \u00a0Paraopeba &#8211; MG<br \/>\nMarcio Maciel Leite | \u00a0Cruzilia &#8211; MG<br \/>\nMarcos Almeida Junqueira Reis | Leopoldina &#8211; MG<br \/>\nMarcos Corteletti e Outros | Santa Teresa &#8211; ES<br \/>\nMarcos Fernandes Queiroz Cachoeira | Paulista &#8211; SP<br \/>\nMauro Ant\u00f4nio Costa de Araujo | Sete Lagoas &#8211; MG<br \/>\nRicardo e Thiago Cipriano Pinto | Tr\u00eas Pontas &#8211; MG<br \/>\nRui da Silva Pinto Junior e Outros | Itanhandu \u2013 MG<\/p>\n<p>&nbsp;<\/p>\n<p><strong>LEIA TAMB\u00c9M<\/strong><\/p>\n<p><a href=\"https:\/\/issuu.com\/jornalholandes\/docs\/resultado_expojovem_2017\" target=\"_blank\">RESULTADO COMPLETO DA EXPOSI\u00c7\u00c3O<\/a><\/p>\n<p><a href=\"https:\/\/gadoholandes.com\/jornal\/edicoes-anteriores\/\" target=\"_blank\">DESTAQUES PARA OS VISITANTES<\/a><\/p>\n<p>&nbsp;<\/p>\n","protected":false},"excerpt":{"rendered":"<p>Qualidade dos animais apresentados confirma o evento como refer\u00eancia para o gado jovem no mercado nacional<\/p>\n","protected":false},"author":2,"featured_media":3927,"comment_status":"closed","ping_status":"closed","sticky":false,"template":"","format":"standard","meta":{"footnotes":""},"categories":[2],"tags":[],"class_list":["post-3922","post","type-post","status-publish","format-standard","has-post-thumbnail","hentry","category-agenda"],"_links":{"self":[{"href":"https:\/\/gadoholandes.com\/jornal\/wp-json\/wp\/v2\/posts\/3922","targetHints":{"allow":["GET"]}}],"collection":[{"href":"https:\/\/gadoholandes.com\/jornal\/wp-json\/wp\/v2\/posts"}],"about":[{"href":"https:\/\/gadoholandes.com\/jornal\/wp-json\/wp\/v2\/types\/post"}],"author":[{"embeddable":true,"href":"https:\/\/gadoholandes.com\/jornal\/wp-json\/wp\/v2\/users\/2"}],"replies":[{"embeddable":true,"href":"https:\/\/gadoholandes.com\/jornal\/wp-json\/wp\/v2\/comments?post=3922"}],"version-history":[{"count":6,"href":"https:\/\/gadoholandes.com\/jornal\/wp-json\/wp\/v2\/posts\/3922\/revisions"}],"predecessor-version":[{"id":3999,"href":"https:\/\/gadoholandes.com\/jornal\/wp-json\/wp\/v2\/posts\/3922\/revisions\/3999"}],"wp:featuredmedia":[{"embeddable":true,"href":"https:\/\/gadoholandes.com\/jornal\/wp-json\/wp\/v2\/media\/3927"}],"wp:attachment":[{"href":"https:\/\/gadoholandes.com\/jornal\/wp-json\/wp\/v2\/media?parent=3922"}],"wp:term":[{"taxonomy":"category","embeddable":true,"href":"https:\/\/gadoholandes.com\/jornal\/wp-json\/wp\/v2\/categories?post=3922"},{"taxonomy":"post_tag","embeddable":true,"href":"https:\/\/gadoholandes.com\/jornal\/wp-json\/wp\/v2\/tags?post=3922"}],"curies":[{"name":"wp","href":"https:\/\/api.w.org\/{rel}","templated":true}]}}